{"id":303,"date":"2021-06-30T10:20:48","date_gmt":"2021-06-30T13:20:48","guid":{"rendered":"https:\/\/www.tcimodulares.com.br\/?p=303"},"modified":"2021-06-30T11:03:23","modified_gmt":"2021-06-30T14:03:23","slug":"colaboradores-da-tci-modulares-sao-vacinados-contra-covid-19-em-macapa","status":"publish","type":"post","link":"https:\/\/www.projetosweb.art.br\/tcimodulares\/colaboradores-da-tci-modulares-sao-vacinados-contra-covid-19-em-macapa\/","title":{"rendered":"Colaboradores da TCI Modulares s\u00e3o vacinados contra Covid-19 em Macap\u00e1"},"content":{"rendered":"\n<p>De acordo com o plano nacional de imuniza\u00e7\u00e3o contra a Covid-19, o Minist\u00e9rio da Sa\u00fade incluiu os profissionais da constru\u00e7\u00e3o civil na lista de grupos priorit\u00e1rios para receber as vacinas. Nesta semana, foi a vez dos trabalhadores da TCI Modulares tomar a primeira dose do imunizante na capital do Amap\u00e1, Macap\u00e1.<\/p>\n\n\n\n<figure class=\"wp-block-gallery columns-3 is-cropped wp-block-gallery-1 is-layout-flex wp-block-gallery-is-layout-flex\"><ul class=\"blocks-gallery-grid\"><li class=\"blocks-gallery-item\"><figure><img loading=\"lazy\" decoding=\"async\" width=\"768\" height=\"1024\" src=\"https:\/\/www.tcimodulares.com.br\/wp-content\/uploads\/2021\/06\/a661f716-686a-4478-ac2d-5f7880e24199-768x1024.jpg\" alt=\"\" data-id=\"307\" data-full-url=\"https:\/\/www.tcimodulares.com.br\/wp-content\/uploads\/2021\/06\/a661f716-686a-4478-ac2d-5f7880e24199.jpg\" data-link=\"https:\/\/www.tcimodulares.com.br\/colaboradores-da-tci-modulares-sao-vacinados-contra-covid-19-em-macapa\/a661f716-686a-4478-ac2d-5f7880e24199\/\" class=\"wp-image-307\" srcset=\"https:\/\/www.projetosweb.art.br\/tcimodulares\/wp-content\/uploads\/2021\/06\/a661f716-686a-4478-ac2d-5f7880e24199-768x1024.jpg 768w, https:\/\/www.projetosweb.art.br\/tcimodulares\/wp-content\/uploads\/2021\/06\/a661f716-686a-4478-ac2d-5f7880e24199-225x300.jpg 225w, https:\/\/www.projetosweb.art.br\/tcimodulares\/wp-content\/uploads\/2021\/06\/a661f716-686a-4478-ac2d-5f7880e24199-1152x1536.jpg 1152w, https:\/\/www.projetosweb.art.br\/tcimodulares\/wp-content\/uploads\/2021\/06\/a661f716-686a-4478-ac2d-5f7880e24199-110x146.jpg 110w, https:\/\/www.projetosweb.art.br\/tcimodulares\/wp-content\/uploads\/2021\/06\/a661f716-686a-4478-ac2d-5f7880e24199-38x50.jpg 38w, https:\/\/www.projetosweb.art.br\/tcimodulares\/wp-content\/uploads\/2021\/06\/a661f716-686a-4478-ac2d-5f7880e24199-56x75.jpg 56w, https:\/\/www.projetosweb.art.br\/tcimodulares\/wp-content\/uploads\/2021\/06\/a661f716-686a-4478-ac2d-5f7880e24199.jpg 1200w\" sizes=\"(max-width:767px) 480px, (max-width:768px) 100vw, 768px\" \/><\/figure><\/li><li class=\"blocks-gallery-item\"><figure><img loading=\"lazy\" decoding=\"async\" width=\"768\" height=\"1024\" src=\"https:\/\/www.tcimodulares.com.br\/wp-content\/uploads\/2021\/06\/d3367080-1407-4787-96a4-07b7a841230b-768x1024.jpg\" alt=\"\" data-id=\"308\" data-full-url=\"https:\/\/www.tcimodulares.com.br\/wp-content\/uploads\/2021\/06\/d3367080-1407-4787-96a4-07b7a841230b.jpg\" data-link=\"https:\/\/www.tcimodulares.com.br\/colaboradores-da-tci-modulares-sao-vacinados-contra-covid-19-em-macapa\/d3367080-1407-4787-96a4-07b7a841230b\/\" class=\"wp-image-308\" srcset=\"https:\/\/www.projetosweb.art.br\/tcimodulares\/wp-content\/uploads\/2021\/06\/d3367080-1407-4787-96a4-07b7a841230b-768x1024.jpg 768w, https:\/\/www.projetosweb.art.br\/tcimodulares\/wp-content\/uploads\/2021\/06\/d3367080-1407-4787-96a4-07b7a841230b-225x300.jpg 225w, https:\/\/www.projetosweb.art.br\/tcimodulares\/wp-content\/uploads\/2021\/06\/d3367080-1407-4787-96a4-07b7a841230b-110x146.jpg 110w, https:\/\/www.projetosweb.art.br\/tcimodulares\/wp-content\/uploads\/2021\/06\/d3367080-1407-4787-96a4-07b7a841230b-38x50.jpg 38w, https:\/\/www.projetosweb.art.br\/tcimodulares\/wp-content\/uploads\/2021\/06\/d3367080-1407-4787-96a4-07b7a841230b-56x75.jpg 56w, https:\/\/www.projetosweb.art.br\/tcimodulares\/wp-content\/uploads\/2021\/06\/d3367080-1407-4787-96a4-07b7a841230b.jpg 960w\" sizes=\"(max-width:767px) 480px, (max-width:768px) 100vw, 768px\" \/><\/figure><\/li><li class=\"blocks-gallery-item\"><figure><img loading=\"lazy\" decoding=\"async\" width=\"768\" height=\"1024\" src=\"https:\/\/www.tcimodulares.com.br\/wp-content\/uploads\/2021\/06\/ef94aad5-ee16-4055-b9be-924c879484b4-768x1024.jpg\" alt=\"\" data-id=\"309\" data-full-url=\"https:\/\/www.tcimodulares.com.br\/wp-content\/uploads\/2021\/06\/ef94aad5-ee16-4055-b9be-924c879484b4.jpg\" data-link=\"https:\/\/www.tcimodulares.com.br\/colaboradores-da-tci-modulares-sao-vacinados-contra-covid-19-em-macapa\/ef94aad5-ee16-4055-b9be-924c879484b4\/\" class=\"wp-image-309\" srcset=\"https:\/\/www.projetosweb.art.br\/tcimodulares\/wp-content\/uploads\/2021\/06\/ef94aad5-ee16-4055-b9be-924c879484b4-768x1024.jpg 768w, https:\/\/www.projetosweb.art.br\/tcimodulares\/wp-content\/uploads\/2021\/06\/ef94aad5-ee16-4055-b9be-924c879484b4-225x300.jpg 225w, https:\/\/www.projetosweb.art.br\/tcimodulares\/wp-content\/uploads\/2021\/06\/ef94aad5-ee16-4055-b9be-924c879484b4-110x146.jpg 110w, https:\/\/www.projetosweb.art.br\/tcimodulares\/wp-content\/uploads\/2021\/06\/ef94aad5-ee16-4055-b9be-924c879484b4-38x50.jpg 38w, https:\/\/www.projetosweb.art.br\/tcimodulares\/wp-content\/uploads\/2021\/06\/ef94aad5-ee16-4055-b9be-924c879484b4-56x75.jpg 56w, https:\/\/www.projetosweb.art.br\/tcimodulares\/wp-content\/uploads\/2021\/06\/ef94aad5-ee16-4055-b9be-924c879484b4.jpg 960w\" sizes=\"(max-width:767px) 480px, (max-width:768px) 100vw, 768px\" \/><\/figure><\/li><\/ul><\/figure>\n\n\n\n<p>O diretor de engenharia da TCI Modulares, Andeir Arruda, destacou a import\u00e2ncia da vacina\u00e7\u00e3o para os profissionais da constru\u00e7\u00e3o civil. \u201cEtapa importante de vacina\u00e7\u00e3o para os trabalhadores que est\u00e3o diariamente na execu\u00e7\u00e3o de diversas obras de sol a sol. S\u00e3o doses de esperan\u00e7a que garantem a seguran\u00e7a para que esses profissionais continuem com suas atividades e, assim, possamos prosseguir com as obras, viabilizando diversos empreendimentos p\u00fablicos para a popula\u00e7\u00e3o \u201d.<\/p>\n\n\n\n<p>De acordo com a Secretaria Municipal de Sa\u00fade (SEMSA) de Macap\u00e1, os profissionais ligados \u00e0 Constru\u00e7\u00e3o Civil, arquitetura e urbanismo recebem a primeira dose da vacina nas Unidades B\u00e1sicas de Sa\u00fade (UBSs) S\u00e3o Pedro, Novo Horizonte, Cong\u00f3s e Pedrinhas.<\/p>\n\n\n\n<p>\u00c9 necess\u00e1ria a apresenta\u00e7\u00e3o dos documentos originais e c\u00f3pias de um documento oficial com foto, comprovante de resid\u00eancia, carteira de vacina\u00e7\u00e3o, carteira de classe ou documento que comprove seu v\u00ednculo com a empresa.<\/p>\n","protected":false},"excerpt":{"rendered":"<p>De acordo com o plano nacional de imuniza\u00e7\u00e3o contra a Covid-19, o Minist\u00e9rio da Sa\u00fade incluiu os profissionais da constru\u00e7\u00e3o civil na lista de grupos priorit\u00e1rios<span class=\"excerpt-hellip\"> [\u2026]<\/span><\/p>\n","protected":false},"author":2,"featured_media":304,"comment_status":"open","ping_status":"open","sticky":false,"template":"","format":"standard","meta":{"footnotes":""},"categories":[1],"tags":[],"_links":{"self":[{"href":"https:\/\/www.projetosweb.art.br\/tcimodulares\/wp-json\/wp\/v2\/posts\/303"}],"collection":[{"href":"https:\/\/www.projetosweb.art.br\/tcimodulares\/wp-json\/wp\/v2\/posts"}],"about":[{"href":"https:\/\/www.projetosweb.art.br\/tcimodulares\/wp-json\/wp\/v2\/types\/post"}],"author":[{"embeddable":true,"href":"https:\/\/www.projetosweb.art.br\/tcimodulares\/wp-json\/wp\/v2\/users\/2"}],"replies":[{"embeddable":true,"href":"https:\/\/www.projetosweb.art.br\/tcimodulares\/wp-json\/wp\/v2\/comments?post=303"}],"version-history":[{"count":2,"href":"https:\/\/www.projetosweb.art.br\/tcimodulares\/wp-json\/wp\/v2\/posts\/303\/revisions"}],"predecessor-version":[{"id":310,"href":"https:\/\/www.projetosweb.art.br\/tcimodulares\/wp-json\/wp\/v2\/posts\/303\/revisions\/310"}],"wp:featuredmedia":[{"embeddable":true,"href":"https:\/\/www.projetosweb.art.br\/tcimodulares\/wp-json\/wp\/v2\/media\/304"}],"wp:attachment":[{"href":"https:\/\/www.projetosweb.art.br\/tcimodulares\/wp-json\/wp\/v2\/media?parent=303"}],"wp:term":[{"taxonomy":"category","embeddable":true,"href":"https:\/\/www.projetosweb.art.br\/tcimodulares\/wp-json\/wp\/v2\/categories?post=303"},{"taxonomy":"post_tag","embeddable":true,"href":"https:\/\/www.projetosweb.art.br\/tcimodulares\/wp-json\/wp\/v2\/tags?post=303"}],"curies":[{"name":"wp","href":"https:\/\/api.w.org\/{rel}","templated":true}]}}